{"id":110,"date":"2023-06-13T15:55:42","date_gmt":"2023-06-13T13:55:42","guid":{"rendered":"https:\/\/vvnl.net\/?p=110"},"modified":"2023-08-15T16:00:04","modified_gmt":"2023-08-15T14:00:04","slug":"szechenyi-istvan-egyetem-vizgazdalkodasi-kutatocsoport","status":"publish","type":"post","link":"https:\/\/vvnl.net\/index.php\/2023\/06\/13\/szechenyi-istvan-egyetem-vizgazdalkodasi-kutatocsoport\/","title":{"rendered":"Sz\u00e9chenyi Istv\u00e1n Egyetem"},"content":{"rendered":"\n<div class=\"wp-block-group alignfull has-very-light-gray-to-cyan-bluish-gray-gradient-background has-background\"><div class=\"wp-block-group__inner-container is-layout-flow wp-block-group-is-layout-flow\">\n<div class=\"wp-block-columns alignwide are-vertically-aligned-center is-layout-flex wp-container-core-columns-is-layout-9d6595d7 wp-block-columns-is-layout-flex\">\n<div class=\"wp-block-column is-layout-flow wp-block-column-is-layout-flow\" style=\"flex-basis:50%\">\n<h2 class=\"wp-block-heading\">V\u00edzgazd\u00e1lkod\u00e1si kutat\u00f3csoport<\/h2>\n<\/div>\n<\/div>\n\n\n\n<div class=\"wp-block-columns alignwide is-layout-flex wp-container-core-columns-is-layout-9d6595d7 wp-block-columns-is-layout-flex\">\n<div class=\"wp-block-column is-layout-flow wp-block-column-is-layout-flow\">\n<p><strong>Egyetem bemutat\u00e1sa<\/strong><\/p>\n\n\n\n<p>A Sz\u00e9chenyi Istv\u00e1n Egyetem k\u00fcldet\u00e9se a fels\u0151oktat\u00e1si volumen\u00e9nek oly m\u00e9rt\u00e9k\u0171 n\u00f6vel\u00e9se, hogy szakmai \u00e9s tudom\u00e1nyos jelent\u0151s\u00e9g\u00e9n\u00e9l \u00e9s m\u00e9ret\u00e9n\u00e9l, valamint a r\u00e9gi\u00f3 gazdas\u00e1gi k\u00f6rnyezet\u00e9ben bet\u00f6lt\u00f6tt kiemelked\u0151 szerep\u00e9n\u00e9l fogva meghat\u00e1roz\u00f3v\u00e1 v\u00e1ljon a magyar \u00e9s a k\u00f6z\u00e9p-eur\u00f3pai fels\u0151oktat\u00e1si t\u00e9rben.<\/p>\n<\/div>\n\n\n\n<div class=\"wp-block-column is-layout-flow wp-block-column-is-layout-flow\">\n<p><strong>Kutat\u00e1sok<\/strong><\/p>\n\n\n\n<ul class=\"wp-block-list\">\n<li>\u00c1rv\u00edzkock\u00e1zat-elemz\u00e9se, integr\u00e1lt \u00e1rv\u00edzv\u00e9delmi \u00e9s \u00f6kol\u00f3giai tervez\u00e9si m\u00f3dszerek kidolgoz\u00e1sa, ill. az \u00e1rvizeknek val\u00f3 kitetts\u00e9g cs\u00f6kkent\u00e9s\u00e9nek lehet\u0151s\u00e9gei kisv\u00edzfoly\u00e1sokon, felt\u00e1ratlan v\u00edzgy\u0171jt\u0151k\u00f6n.<\/li>\n\n\n\n<li>\u00c1rv\u00edzv\u00e9delmi m\u0171vek\/m\u0171t\u00e1rgyak \u00e1rv\u00edzi terhel\u00e9s alatti viselked\u00e9s\u00e9nek modellez\u00e9se, az elemz\u00e9si m\u00f3dszerek fejleszt\u00e9se.<\/li>\n\n\n\n<li>Az integr\u00e1lt v\u00edzgazd\u00e1lkod\u00e1s ter\u00fclet\u00e9n egy r\u00e9gi\u00f3 szint\u0171 integr\u00e1lt v\u00edzgazd\u00e1lkod\u00e1si modell kialak\u00edt\u00e1s\u00e1nak lehet\u0151s\u00e9ge. A kutat\u00e1s c\u00e9lja, hogy a felsz\u00edni \u00e9s felsz\u00edn alatti v\u00edzk\u00e9szletek mennyis\u00e9gi felm\u00e9r\u00e9se mellett sz\u00e1m\u00edt\u00e1sba vegye a ter\u00fclet t\u00e1rsadalmi szerepl\u0151inek egyedi szempontjait, valamint lehet\u0151v\u00e9 tegye a vizsg\u00e1lt ter\u00fclet v\u00edzhez k\u00f6thet\u0151 fejleszt\u00e9seinek megalapoz\u00e1s\u00e1t \u00e9s a v\u00edzk\u00e9szletgazd\u00e1lkod\u00e1s konfliktusainak rendez\u00e9s\u00e9t.<\/li>\n\n\n\n<li>Lakott ter\u00fcletek v\u00edzgazd\u00e1lkod\u00e1sa ter\u00e9n a k\u00e9k \u00e9s z\u00f6ld infrastrukt\u00fara fejleszt\u00e9sek mikro- \u00e9s makro l\u00e9pt\u00e9k\u0171 alkalmaz\u00e1saira.<\/li>\n\n\n\n<li>Fert\u0151 t\u00f3 v\u00edzm\u00e9rleg komponenseinek pontosabb meghat\u00e1roz\u00e1sa, v\u00edzm\u00e9rleg meghat\u00e1roz\u00e1sa az elm\u00falt 10 \u00e9vben, \u00e9s a v\u00e1ltoz\u00e1sok \u00e9rt\u00e9kel\u00e9se.<\/li>\n<\/ul>\n<\/div>\n\n\n\n<div class=\"wp-block-column is-layout-flow wp-block-column-is-layout-flow\">\n<p><strong>NL-ben r\u00e9szv\u00e9tel<\/strong><\/p>\n\n\n\n<p>9. Tev\u00e9kenys\u00e9g:<\/p>\n\n\n\n<p>\u00c1rv\u00edzv\u00e9delmi m\u0171vek\/m\u0171t\u00e1rgyak szerkezeti \u00e9s hidraulikai terhelhet\u0151s\u00e9g\u00e9nek elemz\u00e9se, term\u00e9szetk\u00f6zeli fejleszt\u00e9si javaslatok kidolgoz\u00e1sa.<\/p>\n\n\n\n<p>31. tev\u00e9kenys\u00e9g:<\/p>\n\n\n\n<p>Egy\u00fctt dolgoz\u00f3, egym\u00e1sra hat\u00e1st gyakorl\u00f3 v\u00edzgy\u0171jt\u0151hidrol\u00f3giai, \u00e9s hidrodinamikai modellrendszer kialak\u00edt\u00e1sa, valamint felt\u00e1ratlan v\u00edzgy\u0171jt\u0151k sz\u00e1m\u00edt\u00e1s\u00e1hoz param\u00e9terez\u00e9si javaslatok kidolgoz\u00e1sa.<\/p>\n\n\n\n<p>38. tev\u00e9kenys\u00e9g<\/p>\n\n\n\n<p>C\u00e9l a v\u00edzgy\u0171jt\u0151-gazd\u00e1lkod\u00e1si feladatokat komplexen\/univerz\u00e1lisan kiszolg\u00e1l\u00f3 V\u00edz \u00c9rt\u00e9k Hozam (WVF) koncepci\u00f3 kidolgoz\u00e1sa \u00e9s alkalmaz\u00e1sa figyelemmel a VKI-ban el\u0151\u00edrt teljes k\u00f6lts\u00e9gmegt\u00e9r\u00fcl\u00e9s elv\u00e9re, valamint a hat\u00e1rv\u00edzi vit\u00e1k kezelhet\u0151s\u00e9g\u00e9re.<\/p>\n\n\n\n<p>40.Tev\u00e9kenys\u00e9g<\/p>\n\n\n\n<p>A VGT tervez\u00e9si folyamat elemeinek fel\u00fclvizsg\u00e1lata a kutat\u00e1si csoportunk eredm\u00e9nyeink felhaszn\u00e1l\u00e1s\u00e1val.<\/p>\n<\/div>\n<\/div>\n<\/div><\/div>\n","protected":false},"excerpt":{"rendered":"<p>V\u00edzgazd\u00e1lkod\u00e1si kutat\u00f3csoport Egyetem bemutat\u00e1sa A Sz\u00e9chenyi Istv\u00e1n Egyetem k\u00fcldet\u00e9se a fels\u0151oktat\u00e1si volumen\u00e9nek oly m\u00e9rt\u00e9k\u0171 n\u00f6vel\u00e9se, hogy szakmai \u00e9s tudom\u00e1nyos jelent\u0151s\u00e9g\u00e9n\u00e9l \u00e9s m\u00e9ret\u00e9n\u00e9l, valamint a r\u00e9gi\u00f3 gazdas\u00e1gi k\u00f6rnyezet\u00e9ben bet\u00f6lt\u00f6tt kiemelked\u0151 szerep\u00e9n\u00e9l fogva meghat\u00e1roz\u00f3v\u00e1 v\u00e1ljon a magyar \u00e9s a k\u00f6z\u00e9p-eur\u00f3pai fels\u0151oktat\u00e1si t\u00e9rben. Kutat\u00e1sok NL-ben r\u00e9szv\u00e9tel 9. Tev\u00e9kenys\u00e9g: \u00c1rv\u00edzv\u00e9delmi m\u0171vek\/m\u0171t\u00e1rgyak szerkezeti \u00e9s hidraulikai terhelhet\u0151s\u00e9g\u00e9nek elemz\u00e9se, term\u00e9szetk\u00f6zeli fejleszt\u00e9si javaslatok [&hellip;]<\/p>\n","protected":false},"author":3,"featured_media":111,"comment_status":"closed","ping_status":"closed","sticky":false,"template":"","format":"standard","meta":{"iawp_total_views":8,"footnotes":"","_links_to":"","_links_to_target":""},"categories":[6,4],"tags":[],"class_list":["post-110","post","type-post","status-publish","format-standard","has-post-thumbnail","hentry","category-konzorciumi-tag","category-partnerek"],"_links":{"self":[{"href":"https:\/\/vvnl.net\/index.php\/wp-json\/wp\/v2\/posts\/110","targetHints":{"allow":["GET"]}}],"collection":[{"href":"https:\/\/vvnl.net\/index.php\/wp-json\/wp\/v2\/posts"}],"about":[{"href":"https:\/\/vvnl.net\/index.php\/wp-json\/wp\/v2\/types\/post"}],"author":[{"embeddable":true,"href":"https:\/\/vvnl.net\/index.php\/wp-json\/wp\/v2\/users\/3"}],"replies":[{"embeddable":true,"href":"https:\/\/vvnl.net\/index.php\/wp-json\/wp\/v2\/comments?post=110"}],"version-history":[{"count":3,"href":"https:\/\/vvnl.net\/index.php\/wp-json\/wp\/v2\/posts\/110\/revisions"}],"predecessor-version":[{"id":437,"href":"https:\/\/vvnl.net\/index.php\/wp-json\/wp\/v2\/posts\/110\/revisions\/437"}],"wp:featuredmedia":[{"embeddable":true,"href":"https:\/\/vvnl.net\/index.php\/wp-json\/wp\/v2\/media\/111"}],"wp:attachment":[{"href":"https:\/\/vvnl.net\/index.php\/wp-json\/wp\/v2\/media?parent=110"}],"wp:term":[{"taxonomy":"category","embeddable":true,"href":"https:\/\/vvnl.net\/index.php\/wp-json\/wp\/v2\/categories?post=110"},{"taxonomy":"post_tag","embeddable":true,"href":"https:\/\/vvnl.net\/index.php\/wp-json\/wp\/v2\/tags?post=110"}],"curies":[{"name":"wp","href":"https:\/\/api.w.org\/{rel}","templated":true}]}}