{"id":114,"date":"2023-06-13T19:45:51","date_gmt":"2023-06-13T17:45:51","guid":{"rendered":"https:\/\/vvnl.net\/?p=114"},"modified":"2023-08-15T16:08:13","modified_gmt":"2023-08-15T14:08:13","slug":"balatoni-limnologiai-kutatointezet","status":"publish","type":"post","link":"https:\/\/vvnl.net\/index.php\/2023\/06\/13\/balatoni-limnologiai-kutatointezet\/","title":{"rendered":"Balatoni Limnol\u00f3giai Kutat\u00f3int\u00e9zet"},"content":{"rendered":"\n<div class=\"wp-block-group alignfull has-very-light-gray-to-cyan-bluish-gray-gradient-background has-background\"><div class=\"wp-block-group__inner-container is-layout-flow wp-block-group-is-layout-flow\">\n<p class=\"has-text-color\" style=\"color:#000000;font-size:30px\"><strong>Balatoni Limnol\u00f3giai Kutat\u00f3int\u00e9zet<\/strong><\/p>\n\n\n\n<div class=\"wp-block-columns alignwide is-layout-flex wp-container-core-columns-is-layout-9d6595d7 wp-block-columns-is-layout-flex\">\n<div class=\"wp-block-column is-layout-flow wp-block-column-is-layout-flow\">\n<p>Az ELKH BLKI f\u0151 feladata a magas szint\u0171 alap \u00e9s alkalmazott kutat\u00e1s a limnol\u00f3gia ter\u00fclet\u00e9n. Kutat\u00e1saink a Balaton \u00e9s v\u00edzgy\u0171jt\u0151j\u00e9nek \u00e9l\u0151vil\u00e1g\u00e1ra, annak t\u00e9r \u00e9s id\u0151beni v\u00e1ltoz\u00e1saira, anyagforgalmi saj\u00e1toss\u00e1gaira \u00e9s az ezekre hat\u00e1ssal l\u00e9v\u0151 k\u00f6rnyezeti \u00e9s antropog\u00e9n t\u00e9nyez\u0151kre koncentr\u00e1lnak. Jelen projektben a BLKI az al\u00e1bbi kutat\u00e1si tev\u00e9kenys\u00e9gekkel vesz r\u00e9szt: i) a teljes tavi els\u0151dleges termel\u00e9s \u00e9s az azt szab\u00e1lyz\u00f3 kulcst\u00e9nyez\u0151k r\u00e9szletes megismer\u00e9se; ii) a teljes planktonikus k\u00f6z\u00f6ss\u00e9g (fitoplankton, zooplankton, bakterioplankton) mennyis\u00e9gi viszonyainak felt\u00e1r\u00e1sa \u00e9s a k\u00f6z\u00f6tt\u00fck l\u00e9v\u0151 kapcsolatrendszer vizsg\u00e1lata; iii) az alg\u00e1k mennyis\u00e9g\u00e9nek t\u00e9rinformatikai m\u00f3dszerekkel v\u00e9gzett folyamatos nyomon k\u00f6vet\u00e9se; iv) a plankton foszfor\u00e1llapot\u00e1nak felt\u00e9rk\u00e9pez\u00e9se; v) az \u00fcled\u00e9k felsz\u00edn\u00e9n \u00e9l\u0151 bentikus alg\u00e1k szerep\u00e9nek megismer\u00e9se \u00e9s a planktonikus\/bentikus \u00e9letforma el\u0151t\u00e9rbe ker\u00fcl\u00e9s\u00e9nek, vagy h\u00e1tt\u00e9rbe szorul\u00e1s\u00e1nak meg\u00e9rt\u00e9se; vi) az alg\u00e1k \u00e1ltal termelt sz\u00e9n t\u00e1pl\u00e1l\u00e9kh\u00e1l\u00f3zatban t\u00f6rt\u00e9n\u0151 hasznosul\u00e1s\u00e1nak felt\u00e1r\u00e1sa;<\/p>\n<\/div>\n\n\n\n<div class=\"wp-block-column is-layout-flow wp-block-column-is-layout-flow\">\n<p class=\"has-text-color has-extra-small-font-size\" style=\"color:#000000\"> vii) inv\u00e1zi\u00f3s \u00e9s \u0151shonos hal, mad\u00e1r \u00e9s makroszkopikus gerinctelen fajok terjed\u00e9s\u00e9nek, t\u00e9rbeli eloszl\u00e1s\u00e1nak \u00e9s id\u0151beli dinamik\u00e1j\u00e1nak felt\u00e1r\u00e1sa a Balatonon \u00e9s v\u00edzgy\u0171jt\u0151j\u00e9n hagyom\u00e1nyos \u00e9s egyes \u00e9l\u0151l\u00e9nycsoportok eset\u00e9ben \u00fajszer\u0171 (genetikai, k\u00f6rnyezeti DNS) m\u00f3dszerekkel; viii) az \u00e9l\u0151l\u00e9ny-k\u00f6z\u00f6ss\u00e9gek sokf\u00e9les\u00e9g\u00e9nek \u00e9s k\u00f6z\u00f6ss\u00e9g-szervez\u0151d\u00e9s\u00e9nek megismer\u00e9se, az ezeket szab\u00e1lyoz\u00f3 faktorok szerep\u00e9nek felt\u00e1r\u00e1sa a Dun\u00e1ban \u00e9s \u00e1rter\u00e9n (pl. Gemenc) \u00e9s kisebb v\u00edzfoly\u00e1sokban; ix) a Balatonban kimutatott stabil \u00e9s biol\u00f3giailag akt\u00edv hum\u00e1n eredet\u0171 k\u00e9miai faktorok (pl. gy\u00f3gyszerhat\u00f3anyagok, UV v\u00e9d\u0151k) v\u00edz \u00e9s \u00fcled\u00e9k f\u00e1zis k\u00f6z\u00f6tti megoszl\u00e1s\u00e1nak jellemz\u00e9se; azok k\u00fcl\u00f6n-k\u00fcl\u00f6n \u00e9s egy\u00fcttes (interakci\u00f3k) \u00f6kofiziol\u00f3giai \u00e9s k\u00f6rnyezettoxikol\u00f3giai hat\u00e1svizsg\u00e1lata a nem c\u00e9lzott gerinctelen \u00e9s gerinces \u201ebalatoni\u201d teszt szervezetek egyed, sejt \u00e9s molekul\u00e1ris szintjein; a k\u00e9miai-faktorok bioakkumul\u00e1ci\u00f3ja, k\u00f6rnyezeti kock\u00e1zatelemz\u00e9se \u00e9s az azokat prognosztiz\u00e1l\u00f3 szenzit\u00edv marker molekul\u00e1k azonos\u00edt\u00e1sa.&nbsp;<\/p>\n<\/div>\n<\/div>\n\n\n\n<div style=\"height:40px\" aria-hidden=\"true\" class=\"wp-block-spacer\"><\/div>\n<\/div><\/div>\n","protected":false},"excerpt":{"rendered":"<p>Balatoni Limnol\u00f3giai Kutat\u00f3int\u00e9zet Az ELKH BLKI f\u0151 feladata a magas szint\u0171 alap \u00e9s alkalmazott kutat\u00e1s a limnol\u00f3gia ter\u00fclet\u00e9n. Kutat\u00e1saink a Balaton \u00e9s v\u00edzgy\u0171jt\u0151j\u00e9nek \u00e9l\u0151vil\u00e1g\u00e1ra, annak t\u00e9r \u00e9s id\u0151beni v\u00e1ltoz\u00e1saira, anyagforgalmi saj\u00e1toss\u00e1gaira \u00e9s az ezekre hat\u00e1ssal l\u00e9v\u0151 k\u00f6rnyezeti \u00e9s antropog\u00e9n t\u00e9nyez\u0151kre koncentr\u00e1lnak. Jelen projektben a BLKI az al\u00e1bbi kutat\u00e1si tev\u00e9kenys\u00e9gekkel vesz r\u00e9szt: i) a teljes tavi [&hellip;]<\/p>\n","protected":false},"author":3,"featured_media":115,"comment_status":"closed","ping_status":"closed","sticky":false,"template":"","format":"standard","meta":{"iawp_total_views":16,"footnotes":"","_links_to":"","_links_to_target":""},"categories":[6,4],"tags":[],"class_list":["post-114","post","type-post","status-publish","format-standard","has-post-thumbnail","hentry","category-konzorciumi-tag","category-partnerek"],"_links":{"self":[{"href":"https:\/\/vvnl.net\/index.php\/wp-json\/wp\/v2\/posts\/114","targetHints":{"allow":["GET"]}}],"collection":[{"href":"https:\/\/vvnl.net\/index.php\/wp-json\/wp\/v2\/posts"}],"about":[{"href":"https:\/\/vvnl.net\/index.php\/wp-json\/wp\/v2\/types\/post"}],"author":[{"embeddable":true,"href":"https:\/\/vvnl.net\/index.php\/wp-json\/wp\/v2\/users\/3"}],"replies":[{"embeddable":true,"href":"https:\/\/vvnl.net\/index.php\/wp-json\/wp\/v2\/comments?post=114"}],"version-history":[{"count":13,"href":"https:\/\/vvnl.net\/index.php\/wp-json\/wp\/v2\/posts\/114\/revisions"}],"predecessor-version":[{"id":443,"href":"https:\/\/vvnl.net\/index.php\/wp-json\/wp\/v2\/posts\/114\/revisions\/443"}],"wp:featuredmedia":[{"embeddable":true,"href":"https:\/\/vvnl.net\/index.php\/wp-json\/wp\/v2\/media\/115"}],"wp:attachment":[{"href":"https:\/\/vvnl.net\/index.php\/wp-json\/wp\/v2\/media?parent=114"}],"wp:term":[{"taxonomy":"category","embeddable":true,"href":"https:\/\/vvnl.net\/index.php\/wp-json\/wp\/v2\/categories?post=114"},{"taxonomy":"post_tag","embeddable":true,"href":"https:\/\/vvnl.net\/index.php\/wp-json\/wp\/v2\/tags?post=114"}],"curies":[{"name":"wp","href":"https:\/\/api.w.org\/{rel}","templated":true}]}}