{"id":132,"date":"2023-06-14T09:15:30","date_gmt":"2023-06-14T07:15:30","guid":{"rendered":"https:\/\/vvnl.net\/?p=132"},"modified":"2023-08-17T14:26:09","modified_gmt":"2023-08-17T12:26:09","slug":"okologiai-kutatokozpont","status":"publish","type":"post","link":"https:\/\/vvnl.net\/index.php\/2023\/06\/14\/okologiai-kutatokozpont\/","title":{"rendered":"\u00d6kol\u00f3giai Kutat\u00f3k\u00f6zpont"},"content":{"rendered":"\n<div class=\"wp-block-group alignfull has-very-light-gray-to-cyan-bluish-gray-gradient-background has-background\"><div class=\"wp-block-group__inner-container is-layout-flow wp-block-group-is-layout-flow\">\n<h2 class=\"wp-block-heading\"><strong><strong>V\u00edzi \u00d6kol\u00f3giai<\/strong><\/strong> <strong>Int\u00e9zet<\/strong><\/h2>\n\n\n\n<div class=\"wp-block-columns alignwide is-layout-flex wp-container-core-columns-is-layout-9d6595d7 wp-block-columns-is-layout-flex\">\n<div class=\"wp-block-column is-layout-flow wp-block-column-is-layout-flow\">\n<p>Az \u00d6kol\u00f3giai Kutat\u00f3k\u00f6zpont a magyar \u00f6kol\u00f3giai kutat\u00e1sok legnagyobb int\u00e9zm\u00e9nye, kiemelten foglalkozik a sz\u00e1razf\u00f6ldi \u00e9s v\u00edzi \u00e9letk\u00f6z\u00f6ss\u00e9gek \u00f6sszet\u00e9tel\u00e9nek, szerkezet\u00e9nek, dinamik\u00e1j\u00e1nak \u00e9s m\u0171k\u00f6d\u00e9s\u00e9nek vizsg\u00e1lat\u00e1val, a biodiverzit\u00e1s \u00e9s a v\u00edzmin\u0151s\u00e9g v\u00e9delm\u00e9vel. A jelen projektben a V\u00edzi \u00d6kol\u00f3giai Int\u00e9zet (kor\u00e1bban: Dunakutat\u00f3 Int\u00e9zet) vesz r\u00e9szt, amelynek feladatai k\u00f6z\u00f6tt szerepel a Dun\u00e1ban \u00e9s mell\u00e9kfoly\u00f3iban, kiemelten a Tisz\u00e1ban az \u00e9l\u0151l\u00e9nyk\u00f6z\u00f6ss\u00e9gek \u00e9s k\u00f6rnyezet\u00fck, valamint a k\u00f6z\u00f6tt\u00fck lev\u0151 k\u00f6lcs\u00f6nhat\u00e1sok kutat\u00e1sa.<\/p>\n\n\n\n<p>Az int\u00e9zet munkat\u00e1rsai sz\u00e1mos hazai \u00e9s nemzetk\u00f6zi kutat\u00f3int\u00e9zm\u00e9nnyel \u00e9s egyetemmel m\u0171k\u00f6dnek egy\u00fctt, r\u00e9szt vesznek a V\u00edz Keret-ir\u00e1nyelvvel kapcsolatos \u00f6kol\u00f3giai feladatok elv\u00e9gz\u00e9s\u00e9ben, a Nemzetk\u00f6zi Duna-v\u00e9delmi Bizotts\u00e1g (ICPDR) \u00e1ltal koordin\u00e1lt Nemzetk\u00f6zi Duna-exped\u00edci\u00f3kban, valamint a Nemzeti V\u00edztudom\u00e1nyi Programban.<\/p>\n<\/div>\n\n\n\n<div class=\"wp-block-column is-layout-flow wp-block-column-is-layout-flow\">\n<p class=\"has-text-color has-extra-small-font-size\" style=\"color:#000000\">Jelen Nemzeti Labor programban folytatott kutat\u00e1si tev\u00e9kenys\u00e9geink:<\/p>\n\n\n\n<p>&#8211; Vizsg\u00e1ljuk az 5 mm-n\u00e9l kisebb mikrom\u0171anyagok foly\u00f3beli transzportj\u00e1t, v\u00e1ndorl\u00e1si saj\u00e1toss\u00e1gait \u00e9s kirak\u00f3d\u00e1si helyeit, k\u00fcl\u00f6n\u00f6s tekintettel a mikrom\u0171anyagok transzportfolyamatainak t\u00e9r- \u00e9s id\u0151beli dinamik\u00e1j\u00e1nak nyomon k\u00f6vet\u00e9s\u00e9re.<\/p>\n\n\n\n<p>&#8211; Vizsg\u00e1ljuk a hagyom\u00e1nyos \u00e9s \u00faj t\u00edpus\u00fa mikroszennyez\u0151k (pl. gy\u00f3gyszermaradv\u00e1nyok, peszticidek) t\u00e9rbeli \u00e9s id\u0151beli v\u00e1ltoz\u00e1s\u00e1t a Duna teljes szakasz\u00e1n, valamint a foly\u00f3 v\u00edzmin\u0151s\u00e9g\u00e9t befoly\u00e1sol\u00f3 nagyobb mell\u00e9kfoly\u00f3kban.<\/p>\n\n\n\n<p>&#8211; A folyami \u00e9l\u0151helyek hidrodinamikai \u00e9s \u00f6kol\u00f3giai folyamatainak felt\u00e1r\u00e1s\u00e1hoz a Duna Gemenci \u00e1rter\u00e9n vizsg\u00e1ljuk a mikrobiol\u00f3giai, zooplankton, hal \u00e9s makrofiton k\u00f6z\u00f6ss\u00e9gek sokf\u00e9les\u00e9g\u00e9t, abiotikus t\u00e9nyez\u0151kt\u0151l val\u00f3 f\u00fcgg\u00e9s\u00e9t, megadjuk az \u00e9l\u0151helyek \u00e9l\u0151l\u00e9nyk\u00f6zpont\u00fa jellemz\u00e9s\u00e9t.<\/p>\n\n\n\n<p>&#8211; A Kisk\u00f6rei-v\u00edzt\u00e1roz\u00f3 kezel\u00e9s\u00e9hez, hasznos\u00edt\u00e1s\u00e1hoz \u00e9s a v\u00edzmin\u0151s\u00e9g meg\u00f3v\u00e1s\u00e1hoz sz\u00fcks\u00e9ges mocs\u00e1ri \u00e9s h\u00edn\u00e1rn\u00f6v\u00e9ny veget\u00e1ci\u00f3 kontroll\u00e1l\u00e1s\u00e1nak el\u0151seg\u00edt\u00e9se \u00e9rdek\u00e9ben h\u00edn\u00e1rn\u00f6v\u00e9ny szab\u00e1lyoz\u00e1si technik\u00e1kat tesztel\u00fcnk \u00e9s vizsg\u00e1ljuk a kezel\u00e9sek hat\u00e1s\u00e1t a mikrofl\u00f3ra (fitoplankton \u00e9s fitobenton) k\u00f6z\u00f6ss\u00e9gekre.<\/p>\n\n\n\n<p>&#8211; K\u00f6rnyezeti DNS alapj\u00e1n \u00fajgener\u00e1ci\u00f3s szekven\u00e1l\u00e1si m\u00f3dszerrel vizsg\u00e1ljuk a mikrobiol\u00f3giai k\u00f6z\u00f6ss\u00e9gek t\u00e9rbeli \u00e9s id\u0151beli v\u00e1ltoz\u00e1s\u00e1t a Duna teljes hazai f\u0151\u00e1g\u00e1ban \u00e9s nagyobb mell\u00e9kfoly\u00f3kban, felt\u00e1rjuk az \u00e9l\u0151l\u00e9nyk\u00f6z\u00f6ss\u00e9gek \u00f6sszet\u00e9tel\u00e9nek, dinamik\u00e1j\u00e1nak, valamint az \u00e9l\u0151l\u00e9nyk\u00f6z\u00f6ss\u00e9gek \u00e9s k\u00f6rnyezet\u00fck k\u00f6z\u00f6tt lev\u0151 k\u00f6lcs\u00f6nhat\u00e1sok hossz\u00fat\u00e1v\u00fa, glob\u00e1lis folyamatokt\u00f3l f\u00fcgg\u0151 v\u00e1ltoz\u00e1sait.<\/p>\n<\/div>\n<\/div>\n\n\n\n<div style=\"height:40px\" aria-hidden=\"true\" class=\"wp-block-spacer\"><\/div>\n\n\n\n<p><\/p>\n<\/div><\/div>\n","protected":false},"excerpt":{"rendered":"<p>V\u00edzi \u00d6kol\u00f3giai Int\u00e9zet Az \u00d6kol\u00f3giai Kutat\u00f3k\u00f6zpont a magyar \u00f6kol\u00f3giai kutat\u00e1sok legnagyobb int\u00e9zm\u00e9nye, kiemelten foglalkozik a sz\u00e1razf\u00f6ldi \u00e9s v\u00edzi \u00e9letk\u00f6z\u00f6ss\u00e9gek \u00f6sszet\u00e9tel\u00e9nek, szerkezet\u00e9nek, dinamik\u00e1j\u00e1nak \u00e9s m\u0171k\u00f6d\u00e9s\u00e9nek vizsg\u00e1lat\u00e1val, a biodiverzit\u00e1s \u00e9s a v\u00edzmin\u0151s\u00e9g v\u00e9delm\u00e9vel. A jelen projektben a V\u00edzi \u00d6kol\u00f3giai Int\u00e9zet (kor\u00e1bban: Dunakutat\u00f3 Int\u00e9zet) vesz r\u00e9szt, amelynek feladatai k\u00f6z\u00f6tt szerepel a Dun\u00e1ban \u00e9s mell\u00e9kfoly\u00f3iban, kiemelten a Tisz\u00e1ban az [&hellip;]<\/p>\n","protected":false},"author":3,"featured_media":469,"comment_status":"closed","ping_status":"closed","sticky":false,"template":"","format":"standard","meta":{"iawp_total_views":2,"footnotes":"","_links_to":"","_links_to_target":""},"categories":[6,4],"tags":[],"class_list":["post-132","post","type-post","status-publish","format-standard","has-post-thumbnail","hentry","category-konzorciumi-tag","category-partnerek"],"_links":{"self":[{"href":"https:\/\/vvnl.net\/index.php\/wp-json\/wp\/v2\/posts\/132","targetHints":{"allow":["GET"]}}],"collection":[{"href":"https:\/\/vvnl.net\/index.php\/wp-json\/wp\/v2\/posts"}],"about":[{"href":"https:\/\/vvnl.net\/index.php\/wp-json\/wp\/v2\/types\/post"}],"author":[{"embeddable":true,"href":"https:\/\/vvnl.net\/index.php\/wp-json\/wp\/v2\/users\/3"}],"replies":[{"embeddable":true,"href":"https:\/\/vvnl.net\/index.php\/wp-json\/wp\/v2\/comments?post=132"}],"version-history":[{"count":9,"href":"https:\/\/vvnl.net\/index.php\/wp-json\/wp\/v2\/posts\/132\/revisions"}],"predecessor-version":[{"id":457,"href":"https:\/\/vvnl.net\/index.php\/wp-json\/wp\/v2\/posts\/132\/revisions\/457"}],"wp:featuredmedia":[{"embeddable":true,"href":"https:\/\/vvnl.net\/index.php\/wp-json\/wp\/v2\/media\/469"}],"wp:attachment":[{"href":"https:\/\/vvnl.net\/index.php\/wp-json\/wp\/v2\/media?parent=132"}],"wp:term":[{"taxonomy":"category","embeddable":true,"href":"https:\/\/vvnl.net\/index.php\/wp-json\/wp\/v2\/categories?post=132"},{"taxonomy":"post_tag","embeddable":true,"href":"https:\/\/vvnl.net\/index.php\/wp-json\/wp\/v2\/tags?post=132"}],"curies":[{"name":"wp","href":"https:\/\/api.w.org\/{rel}","templated":true}]}}