{"id":136,"date":"2023-06-14T09:15:22","date_gmt":"2023-06-14T07:15:22","guid":{"rendered":"https:\/\/vvnl.net\/?p=136"},"modified":"2023-08-15T16:09:19","modified_gmt":"2023-08-15T14:09:19","slug":"orszagos-vizugyi-foigazgatosag","status":"publish","type":"post","link":"https:\/\/vvnl.net\/index.php\/2023\/06\/14\/orszagos-vizugyi-foigazgatosag\/","title":{"rendered":"Orsz\u00e1gos V\u00edz\u00fcgyi F\u0151igazgat\u00f3s\u00e1g"},"content":{"rendered":"\n<div class=\"wp-block-group alignfull has-very-light-gray-to-cyan-bluish-gray-gradient-background has-background\"><div class=\"wp-block-group__inner-container is-layout-flow wp-block-group-is-layout-flow\">\n<div class=\"wp-block-columns alignwide are-vertically-aligned-center is-layout-flex wp-container-core-columns-is-layout-9d6595d7 wp-block-columns-is-layout-flex\">\n<div class=\"wp-block-column is-layout-flow wp-block-column-is-layout-flow\" style=\"flex-basis:50%\">\n<h2 class=\"wp-block-heading\"><strong>Orsz\u00e1gos V\u00edz\u00fcgyi F\u0151igazgat\u00f3s\u00e1g<\/strong><\/h2>\n<\/div>\n<\/div>\n\n\n\n<div class=\"wp-block-columns alignwide is-layout-flex wp-container-core-columns-is-layout-9d6595d7 wp-block-columns-is-layout-flex\">\n<div class=\"wp-block-column is-layout-flow wp-block-column-is-layout-flow\">\n<p>A v\u00edz\u00fcgyi igazgat\u00e1si szervek ir\u00e1ny\u00edt\u00e1s\u00e1nak \u00e1talak\u00edt\u00e1s\u00e1val \u00f6sszef\u00fcgg\u00e9sben egyes korm\u00e1nyrendeletek m\u00f3dos\u00edt\u00e1s\u00e1r\u00f3l sz\u00f3l\u00f3 300\/2011. (XII. 22.) Korm. rendeletben a Korm\u00e1ny \u00e1talak\u00edtotta a v\u00edz\u00fcgyi igazgat\u00e1si szervek ir\u00e1ny\u00edt\u00e1s\u00e1t.<\/p>\n\n\n\n<p>2012. janu\u00e1r 1-j\u00e9n a kor\u00e1bbi V\u00edz\u00fcgyi \u00e9s K\u00f6rnyezetv\u00e9delmi K\u00f6zponti Igazgat\u00f3s\u00e1gb\u00f3l k\u00fcl\u00f6nv\u00e1l\u00e1ssal j\u00f6tt l\u00e9tre az Orsz\u00e1gos V\u00edz\u00fcgyi F\u0151igazgat\u00f3s\u00e1g \u00e9s a Nemzeti K\u00f6rnyezet\u00fcgyi Int\u00e9zet.<\/p>\n\n\n\n<p>Az Orsz\u00e1gos V\u00edz\u00fcgyi F\u0151igazgat\u00f3s\u00e1g (a tov\u00e1bbiakban: OVF) m\u0171k\u00f6d\u00e9se az orsz\u00e1g eg\u00e9sz ter\u00fclet\u00e9re kiterjed, feladat\u00e1t 12 v\u00edz\u00fcgyi igazgat\u00f3s\u00e1gon kereszt\u00fcl l\u00e1tja el. A v\u00edz\u00fcgyi igazgat\u00f3s\u00e1gok v\u00edzgy\u0171jt\u0151 elv szerint szervezettek azzal, hogy mindig a v\u00edzgy\u0171jt\u0151 hat\u00e1r\u00e1hoz legk\u00f6zelebbi k\u00f6zs\u00e9ghat\u00e1r k\u00e9pezi a t\u00e9nyleges hat\u00e1rvonalat. Egy-egy v\u00edz\u00fcgyi igazgat\u00f3s\u00e1g \u00e1tlag 4,2 (2-7) megy\u00e9t \u00e9rint, egy-egy megye ter\u00fclete \u00e1tlagosan 2,7 v\u00edz\u00fcgyi igazgat\u00f3s\u00e1ghoz tartozik.<\/p>\n\n\n\n<p>Az OVF munk\u00e1j\u00e1t a V\u00edz\u00fcgyi Tudom\u00e1nyos Tan\u00e1cs &nbsp;(a tov\u00e1bbiakban: VzTT) seg\u00edti. A V\u00edz\u00fcgyi Tudom\u00e1nyos Tan\u00e1cs r\u00e9sze a Bel\u00fcgyminiszt\u00e9rium Bel\u00fcgyi Tudom\u00e1nyos Tan\u00e1cs\u00e1nak, egyike az oda tartoz\u00f3 \u00f6t tudom\u00e1nyos tan\u00e1csnak. A VzTT kiemelt feladata a kutat\u00e1si munk\u00e1k eredm\u00e9nyeinek a megismertet\u00e9se a gyakorlati szakemberekkel \u00e9s az \u00e1gazati d\u00f6nt\u00e9st befoly\u00e1solhat\u00f3 kutat\u00e1si eredm\u00e9nyek felt\u00e1r\u00e1sa, vagyis a d\u00f6nt\u00e9sek tudom\u00e1nyos el\u0151k\u00e9sz\u00edt\u00e9se.<\/p>\n\n\n\n<p>Az OVF k\u00f6zfeladata a v\u00edzgazd\u00e1lkod\u00e1sr\u00f3l sz\u00f3l\u00f3 1995. \u00e9vi LVII. t\u00f6rv\u00e9nyben, valamint a v\u00edz\u00fcgyi igazgat\u00e1si \u00e9s a v\u00edz\u00fcgyi, valamint v\u00edzv\u00e9delmi hat\u00f3s\u00e1gi feladatokat ell\u00e1t\u00f3 szervek kijel\u00f6l\u00e9s\u00e9r\u0151l sz\u00f3l\u00f3 223\/2014. (IX.4.) Korm. rendeletben meghat\u00e1rozott feladatok ell\u00e1t\u00e1sa.<\/p>\n\n\n\n<p>A hivatkozott Korm. rendeletben foglaltak szerint az OVF jogszab\u00e1lyban meg\u00e1llap\u00edtott feladatell\u00e1t\u00e1sa keret\u00e9ben ell\u00e1tja <em>\u201ea ter\u00fcleti v\u00edz\u00fcgyi igazgat\u00e1sra vonatkoz\u00f3 oktat\u00e1si, kutat\u00e1si tev\u00e9kenys\u00e9gekkel kapcsolatos feladatokat\u201d.<\/em><\/p>\n<\/div>\n\n\n\n<div class=\"wp-block-column is-layout-flow wp-block-column-is-layout-flow\">\n<p>Az OVF szervezete k\u00f6r\u00fclbel\u00fcl 238 szakembert l\u00e1t el munk\u00e1val sz\u00e1mos szakter\u00fcletet \u00e9rintve, ami biztos\u00edtja, hogy a v\u00edzgazd\u00e1lkod\u00e1s ter\u00fclet\u00e9n felmer\u00fcl\u0151 \u00f6sszetett k\u00e9rd\u00e9seket, t\u00f6bb szak\u00e1gra t\u00e1maszkod\u00f3 szakmai munk\u00e1t \u00e9s tudom\u00e1nyos tev\u00e9kenys\u00e9geket magas szinten tudja t\u00e1mogatni, koordin\u00e1lni, vagy adott esetben tev\u00e9kenys\u00e9gi k\u00f6r\u00e9ben k\u00f6zvetlen\u00fcl ell\u00e1tni.<\/p>\n\n\n\n<p>A k\u00f6lts\u00e9gvet\u00e9si szerv alaptev\u00e9kenys\u00e9ge k\u00f6r\u00e9ben ell\u00e1tja a bel\u00fcgyminiszter feladat- \u00e9s hat\u00e1sk\u00f6r\u00e9be tartoz\u00f3 vizek k\u00e1rt\u00e9telei elleni v\u00e9delemmel kapcsolatos, a v\u00edz\u00fcgyi igazgat\u00f3s\u00e1gok v\u00edzrajzi tev\u00e9kenys\u00e9g\u00e9nek orsz\u00e1gos szint\u0171 ir\u00e1ny\u00edt\u00e1s\u00e1val, a v\u00edzrajzi tev\u00e9kenys\u00e9g \u00f6sszehangol\u00e1s\u00e1val \u00e9s fejleszt\u00e9s\u00e9vel kapcsolatos, egyes eur\u00f3pai uni\u00f3s forr\u00e1sok felhaszn\u00e1l\u00e1s\u00e1val megval\u00f3sul\u00f3 v\u00edz\u00fcgyi k\u00f6zponti, p\u00e1ly\u00e1zati, valamint kiemelt korm\u00e1nyzati fejleszt\u00e9sek megval\u00f3s\u00edt\u00e1s\u00e1val \u00f6sszef\u00fcgg\u0151 feladatokat.<\/p>\n\n\n\n<p>Jelen projekt keret\u00e9ben az OVF 12 db alprojektben t\u00f6lt be vezet\u0151, m\u00edg 3 db alprojektben projekt partneri szerepet t\u00f6lt be. A szervezet &#8211; profilj\u00e1nak megfelel\u0151en &#8211; alkalmazott ipari kutat\u00e1si tev\u00e9kenys\u00e9g v\u00e9gz\u00e9s\u00e9re v\u00e1llalkozott, mely kapcsol\u00f3dik az operat\u00edv munk\u00e1hoz. Mindez a kutat\u00e1sok gyakorlatba t\u00f6rt\u00e9n\u0151 \u00e1t\u00fcltet\u00e9s\u00e9ben jelent\u0151s szerepet j\u00e1tszhatnak. Ezen fel\u00fcl a szak\u00e1gi ter\u00fcleten keletkez\u0151 adatb\u00e1zisokat (v\u00edzrajzi, v\u00edzmin\u0151s\u00e9gi, geod\u00e9ziai stb.), valamint \u00e1llami tulajdonban l\u00e9v\u0151 \u201eminta\u201dter\u00fcleteket biztos\u00edtja az egyetemi kutat\u00e1sok, valamint jelen p\u00e1ly\u00e1zat keret\u00e9ben tervezett tudom\u00e1nyos munka r\u00e9sz\u00e9re.<\/p>\n<\/div>\n<\/div>\n\n\n\n<div style=\"height:40px\" aria-hidden=\"true\" class=\"wp-block-spacer\"><\/div>\n<\/div><\/div>\n","protected":false},"excerpt":{"rendered":"<p>Orsz\u00e1gos V\u00edz\u00fcgyi F\u0151igazgat\u00f3s\u00e1g A v\u00edz\u00fcgyi igazgat\u00e1si szervek ir\u00e1ny\u00edt\u00e1s\u00e1nak \u00e1talak\u00edt\u00e1s\u00e1val \u00f6sszef\u00fcgg\u00e9sben egyes korm\u00e1nyrendeletek m\u00f3dos\u00edt\u00e1s\u00e1r\u00f3l sz\u00f3l\u00f3 300\/2011. (XII. 22.) Korm. rendeletben a Korm\u00e1ny \u00e1talak\u00edtotta a v\u00edz\u00fcgyi igazgat\u00e1si szervek ir\u00e1ny\u00edt\u00e1s\u00e1t. 2012. janu\u00e1r 1-j\u00e9n a kor\u00e1bbi V\u00edz\u00fcgyi \u00e9s K\u00f6rnyezetv\u00e9delmi K\u00f6zponti Igazgat\u00f3s\u00e1gb\u00f3l k\u00fcl\u00f6nv\u00e1l\u00e1ssal j\u00f6tt l\u00e9tre az Orsz\u00e1gos V\u00edz\u00fcgyi F\u0151igazgat\u00f3s\u00e1g \u00e9s a Nemzeti K\u00f6rnyezet\u00fcgyi Int\u00e9zet. Az Orsz\u00e1gos V\u00edz\u00fcgyi F\u0151igazgat\u00f3s\u00e1g (a tov\u00e1bbiakban: [&hellip;]<\/p>\n","protected":false},"author":3,"featured_media":137,"comment_status":"closed","ping_status":"closed","sticky":false,"template":"","format":"standard","meta":{"iawp_total_views":8,"footnotes":"","_links_to":"","_links_to_target":""},"categories":[6,4],"tags":[],"class_list":["post-136","post","type-post","status-publish","format-standard","has-post-thumbnail","hentry","category-konzorciumi-tag","category-partnerek"],"_links":{"self":[{"href":"https:\/\/vvnl.net\/index.php\/wp-json\/wp\/v2\/posts\/136","targetHints":{"allow":["GET"]}}],"collection":[{"href":"https:\/\/vvnl.net\/index.php\/wp-json\/wp\/v2\/posts"}],"about":[{"href":"https:\/\/vvnl.net\/index.php\/wp-json\/wp\/v2\/types\/post"}],"author":[{"embeddable":true,"href":"https:\/\/vvnl.net\/index.php\/wp-json\/wp\/v2\/users\/3"}],"replies":[{"embeddable":true,"href":"https:\/\/vvnl.net\/index.php\/wp-json\/wp\/v2\/comments?post=136"}],"version-history":[{"count":3,"href":"https:\/\/vvnl.net\/index.php\/wp-json\/wp\/v2\/posts\/136\/revisions"}],"predecessor-version":[{"id":445,"href":"https:\/\/vvnl.net\/index.php\/wp-json\/wp\/v2\/posts\/136\/revisions\/445"}],"wp:featuredmedia":[{"embeddable":true,"href":"https:\/\/vvnl.net\/index.php\/wp-json\/wp\/v2\/media\/137"}],"wp:attachment":[{"href":"https:\/\/vvnl.net\/index.php\/wp-json\/wp\/v2\/media?parent=136"}],"wp:term":[{"taxonomy":"category","embeddable":true,"href":"https:\/\/vvnl.net\/index.php\/wp-json\/wp\/v2\/categories?post=136"},{"taxonomy":"post_tag","embeddable":true,"href":"https:\/\/vvnl.net\/index.php\/wp-json\/wp\/v2\/tags?post=136"}],"curies":[{"name":"wp","href":"https:\/\/api.w.org\/{rel}","templated":true}]}}