{"id":139,"date":"2023-06-14T09:27:36","date_gmt":"2023-06-14T07:27:36","guid":{"rendered":"https:\/\/vvnl.net\/?p=139"},"modified":"2023-08-15T16:08:47","modified_gmt":"2023-08-15T14:08:47","slug":"orszagos-meteorologiai-szolgalat","status":"publish","type":"post","link":"https:\/\/vvnl.net\/index.php\/2023\/06\/14\/orszagos-meteorologiai-szolgalat\/","title":{"rendered":"Orsz\u00e1gos Meteorol\u00f3giai Szolg\u00e1lat"},"content":{"rendered":"\n<div class=\"wp-block-group alignfull has-very-light-gray-to-cyan-bluish-gray-gradient-background has-background\"><div class=\"wp-block-group__inner-container is-layout-flow wp-block-group-is-layout-flow\">\n<div class=\"wp-block-columns alignwide are-vertically-aligned-center is-layout-flex wp-container-core-columns-is-layout-9d6595d7 wp-block-columns-is-layout-flex\">\n<div class=\"wp-block-column is-layout-flow wp-block-column-is-layout-flow\" style=\"flex-basis:50%\">\n<h2 class=\"wp-block-heading\">Orsz\u00e1gos Meteorol\u00f3giai Szolg\u00e1lat<\/h2>\n<\/div>\n<\/div>\n\n\n\n<div class=\"wp-block-columns alignwide is-layout-flex wp-container-core-columns-is-layout-9d6595d7 wp-block-columns-is-layout-flex\">\n<div class=\"wp-block-column is-layout-flow wp-block-column-is-layout-flow\">\n<p>Az Orsz\u00e1gos Meteorol\u00f3giai Szolg\u00e1lat (OMSZ) feladat\u00e1t \u00e9s hat\u00e1sk\u00f6r\u00e9t a 353\/2021 (VI.24.) Korm\u00e1ny rendelet hat\u00e1rozza meg. T\u00f6bb mint 150 \u00e9ve gy\u0171jt, elemez \u00e9s szolg\u00e1ltat meteorol\u00f3giai adatokat, inform\u00e1ci\u00f3kat. Magyarorsz\u00e1g ter\u00fclet\u00e9n szinoptikus m\u00e9r\u0151- \u00e9s \u00e9szlel\u0151 h\u00e1l\u00f3zatot m\u0171k\u00f6dtet, magasl\u00e9gk\u00f6ri r\u00e1di\u00f3szond\u00e1s m\u00e9r\u00e9seket biztos\u00edt, m\u0171k\u00f6dteti a meteorol\u00f3giai radarh\u00e1l\u00f3zatot \u00e9s vill\u00e1mlokaliz\u00e1ci\u00f3s-rendszert, biztos\u00edtja az inform\u00e1ci\u00f3k gy\u0171jt\u00e9s\u00e9t, ellen\u0151rz\u00e9s\u00e9t, feldolgoz\u00e1s\u00e1t, a meteorol\u00f3giai adatb\u00e1zis fenntart\u00e1s\u00e1t, friss\u00edt\u00e9s\u00e9t. Korszer\u0171 el\u0151rejelz\u00e9si produktumok \u00e9s saj\u00e1t futtat\u00e1s\u00fa modelleket haszn\u00e1lat\u00e1val id\u0151j\u00e1r\u00e1si elemz\u0151 \u00e9s el\u0151rejelz\u0151 tev\u00e9kenys\u00e9get folytat. Feladata haz\u00e1nk m\u00faltbeli \u00e9s jelenlegi \u00e9ghajlat\u00e1nak elemz\u00e9se, \u00e9s a j\u00f6v\u0151beli \u00e9ghajlati projekci\u00f3k elk\u00e9sz\u00edt\u00e9se. Az \u00e9ghajlatv\u00e1ltoz\u00e1s vizsg\u00e1lat\u00e1hoz elengedhetetlen j\u00f3 min\u0151s\u00e9g\u0171 r\u00e1csponti m\u00e9r\u00e9si adatsorokat az \u00e1llom\u00e1si m\u00e9r\u00e9sekb\u0151l statisztikai m\u00f3dszerek alkalmaz\u00e1s\u00e1val \u00e1ll\u00edtja el\u0151. <\/p>\n<\/div>\n\n\n\n<div class=\"wp-block-column is-layout-flow wp-block-column-is-layout-flow\">\n<p>Az OMSZ k\u00f6z\u00e9p- \u00e9s r\u00f6vidt\u00e1v\u00fa id\u0151j\u00e1r\u00e1s el\u0151rejelz\u00e9seit a 90-es \u00e9vekt\u0151l folyamatosan az ECMWF glob\u00e1lis modellj\u00e9re, illetve az ALADIN \u00e9s AROME korl\u00e1tos tartom\u00e1ny\u00fa modellekre alapozza, m\u00edg 2004 \u00f3ta foly\u00f3 kl\u00edmadinamikai kutat\u00e1saiban az ALADIN-Climate \u00e9s a REMO region\u00e1lis kl\u00edmamodelleket haszn\u00e1lja. Feladatai magas sz\u00ednvonal\u00fa ell\u00e1t\u00e1sa \u00e9rdek\u00e9ben szoros kapcsolatban \u00e1ll az eur\u00f3pai meteorol\u00f3giai szolg\u00e1latokkal, nemzetk\u00f6zi \u00e9s hazai kutat\u00f3int\u00e9zetekkel, kutat\u00e1si \u00e9s fejleszt\u00e9si projektekben vesz r\u00e9szt.<\/p>\n\n\n\n<p>Az OMSZ a projektben \u00e9ghajlatv\u00e1ltoz\u00e1ssal kapcsolatos vizsg\u00e1latokhoz ny\u00fajt adatot \u00e9s szak\u00e9rtelmet, r\u00f6vidt\u00e1v\u00fa \u00e9s ultra-r\u00f6vidt\u00e1v\u00fa modelleken alapul\u00f3 figyelmeztet\u0151 rendszert fejleszt, \u00e9s meteorol\u00f3giai m\u0171szerek telep\u00edt\u00e9s\u00e9ben vesz r\u00e9szt.<\/p>\n<\/div>\n<\/div>\n\n\n\n<div style=\"height:40px\" aria-hidden=\"true\" class=\"wp-block-spacer\"><\/div>\n<\/div><\/div>\n","protected":false},"excerpt":{"rendered":"<p>Orsz\u00e1gos Meteorol\u00f3giai Szolg\u00e1lat Az Orsz\u00e1gos Meteorol\u00f3giai Szolg\u00e1lat (OMSZ) feladat\u00e1t \u00e9s hat\u00e1sk\u00f6r\u00e9t a 353\/2021 (VI.24.) Korm\u00e1ny rendelet hat\u00e1rozza meg. T\u00f6bb mint 150 \u00e9ve gy\u0171jt, elemez \u00e9s szolg\u00e1ltat meteorol\u00f3giai adatokat, inform\u00e1ci\u00f3kat. Magyarorsz\u00e1g ter\u00fclet\u00e9n szinoptikus m\u00e9r\u0151- \u00e9s \u00e9szlel\u0151 h\u00e1l\u00f3zatot m\u0171k\u00f6dtet, magasl\u00e9gk\u00f6ri r\u00e1di\u00f3szond\u00e1s m\u00e9r\u00e9seket biztos\u00edt, m\u0171k\u00f6dteti a meteorol\u00f3giai radarh\u00e1l\u00f3zatot \u00e9s vill\u00e1mlokaliz\u00e1ci\u00f3s-rendszert, biztos\u00edtja az inform\u00e1ci\u00f3k gy\u0171jt\u00e9s\u00e9t, ellen\u0151rz\u00e9s\u00e9t, feldolgoz\u00e1s\u00e1t, a meteorol\u00f3giai [&hellip;]<\/p>\n","protected":false},"author":3,"featured_media":140,"comment_status":"closed","ping_status":"closed","sticky":false,"template":"","format":"standard","meta":{"iawp_total_views":0,"footnotes":"","_links_to":"","_links_to_target":""},"categories":[6,4],"tags":[],"class_list":["post-139","post","type-post","status-publish","format-standard","has-post-thumbnail","hentry","category-konzorciumi-tag","category-partnerek"],"_links":{"self":[{"href":"https:\/\/vvnl.net\/index.php\/wp-json\/wp\/v2\/posts\/139","targetHints":{"allow":["GET"]}}],"collection":[{"href":"https:\/\/vvnl.net\/index.php\/wp-json\/wp\/v2\/posts"}],"about":[{"href":"https:\/\/vvnl.net\/index.php\/wp-json\/wp\/v2\/types\/post"}],"author":[{"embeddable":true,"href":"https:\/\/vvnl.net\/index.php\/wp-json\/wp\/v2\/users\/3"}],"replies":[{"embeddable":true,"href":"https:\/\/vvnl.net\/index.php\/wp-json\/wp\/v2\/comments?post=139"}],"version-history":[{"count":4,"href":"https:\/\/vvnl.net\/index.php\/wp-json\/wp\/v2\/posts\/139\/revisions"}],"predecessor-version":[{"id":444,"href":"https:\/\/vvnl.net\/index.php\/wp-json\/wp\/v2\/posts\/139\/revisions\/444"}],"wp:featuredmedia":[{"embeddable":true,"href":"https:\/\/vvnl.net\/index.php\/wp-json\/wp\/v2\/media\/140"}],"wp:attachment":[{"href":"https:\/\/vvnl.net\/index.php\/wp-json\/wp\/v2\/media?parent=139"}],"wp:term":[{"taxonomy":"category","embeddable":true,"href":"https:\/\/vvnl.net\/index.php\/wp-json\/wp\/v2\/categories?post=139"},{"taxonomy":"post_tag","embeddable":true,"href":"https:\/\/vvnl.net\/index.php\/wp-json\/wp\/v2\/tags?post=139"}],"curies":[{"name":"wp","href":"https:\/\/api.w.org\/{rel}","templated":true}]}}